{"id":4350,"date":"2015-08-10T19:12:29","date_gmt":"2015-08-10T18:12:29","guid":{"rendered":"http:\/\/www.genomiqueforestiere.chaire.ulaval.ca\/?p=4350"},"modified":"2017-02-16T19:34:12","modified_gmt":"2017-02-16T18:34:12","slug":"ilga-porth-une-nouvelle-professeure-a-la-chaire-de-recherche-du-canada-en-genomique-forestiere","status":"publish","type":"post","link":"https:\/\/www.genomiqueforestiere.chaire.ulaval.ca\/?p=4350","title":{"rendered":"Ilga Porth, une nouvelle professeure \u00e0 la Chaire de recherche du Canada en g\u00e9nomique foresti\u00e8re"},"content":{"rendered":"<p style=\"text-align: justify;\">En tant que professeure adjointe au D\u00e9partement des sciences du bois et de la for\u00eat de l\u2019Universit\u00e9 Laval, Ilga Porth a rejoint la Chaire de recherche du Canada en g\u00e9nomique foresti\u00e8re en 2015. Biochimiste de formation, Ilga a obtenu un doctorat en g\u00e9n\u00e9tique foresti\u00e8re de l\u2019Universit\u00e9 de Vienne (Autriche) et a compl\u00e9t\u00e9 un stage postdoctoral en g\u00e9nomique foresti\u00e8re \u00e0 l\u2019Universit\u00e9 de Colombie-Britannique. Ses champs d\u2019expertises couvrent la g\u00e9nomique foresti\u00e8re fonctionnelle et populationnelle en lien avec la physiologie du bois et celle de la r\u00e9silience des arbres aux stress abiotiques et biotiques. Bienvenue Ilga!<\/p>\n<p><img loading=\"lazy\" decoding=\"async\" class=\" wp-image-3985 aligncenter\" src=\"http:\/\/www.genomiqueforestiere.chaire.ulaval.ca\/wp-content\/uploads\/2016\/02\/Ilga_Porth_fev2016.jpg\" alt=\"Ilga_Porth_fev2016\" width=\"134\" height=\"370\" \/><\/p>\n","protected":false},"excerpt":{"rendered":"<p>En tant que professeure adjointe au D\u00e9partement des sciences du bois et de la for\u00eat de l\u2019Universit\u00e9 Laval, Ilga Porth a rejoint la Chaire de recherche du Canada en g\u00e9nomique foresti\u00e8re en 2015. Biochimiste de formation, Ilga a obtenu un &hellip; <a href=\"https:\/\/www.genomiqueforestiere.chaire.ulaval.ca\/?p=4350\">Continuer la lecture <span class=\"meta-nav\">&rarr;<\/span><\/a><\/p>\n","protected":false},"author":2,"featured_media":0,"comment_status":"closed","ping_status":"closed","sticky":false,"template":"","format":"standard","meta":{"jetpack_post_was_ever_published":false,"_jetpack_newsletter_access":"","_jetpack_dont_email_post_to_subs":true,"_jetpack_newsletter_tier_id":0,"_jetpack_memberships_contains_paywalled_content":false,"_jetpack_memberships_contains_paid_content":false,"footnotes":"","jetpack_publicize_message":"","jetpack_publicize_feature_enabled":true,"jetpack_social_post_already_shared":true,"jetpack_social_options":{"image_generator_settings":{"template":"highway","default_image_id":0,"font":"","enabled":false},"version":2}},"categories":[18],"tags":[],"class_list":["post-4350","post","type-post","status-publish","format-standard","hentry","category-actualites"],"jetpack_publicize_connections":[],"jetpack_featured_media_url":"","jetpack_sharing_enabled":true,"jetpack_shortlink":"https:\/\/wp.me\/p3LOEb-18a","_links":{"self":[{"href":"https:\/\/www.genomiqueforestiere.chaire.ulaval.ca\/index.php?rest_route=\/wp\/v2\/posts\/4350","targetHints":{"allow":["GET"]}}],"collection":[{"href":"https:\/\/www.genomiqueforestiere.chaire.ulaval.ca\/index.php?rest_route=\/wp\/v2\/posts"}],"about":[{"href":"https:\/\/www.genomiqueforestiere.chaire.ulaval.ca\/index.php?rest_route=\/wp\/v2\/types\/post"}],"author":[{"embeddable":true,"href":"https:\/\/www.genomiqueforestiere.chaire.ulaval.ca\/index.php?rest_route=\/wp\/v2\/users\/2"}],"replies":[{"embeddable":true,"href":"https:\/\/www.genomiqueforestiere.chaire.ulaval.ca\/index.php?rest_route=%2Fwp%2Fv2%2Fcomments&post=4350"}],"version-history":[{"count":5,"href":"https:\/\/www.genomiqueforestiere.chaire.ulaval.ca\/index.php?rest_route=\/wp\/v2\/posts\/4350\/revisions"}],"predecessor-version":[{"id":4359,"href":"https:\/\/www.genomiqueforestiere.chaire.ulaval.ca\/index.php?rest_route=\/wp\/v2\/posts\/4350\/revisions\/4359"}],"wp:attachment":[{"href":"https:\/\/www.genomiqueforestiere.chaire.ulaval.ca\/index.php?rest_route=%2Fwp%2Fv2%2Fmedia&parent=4350"}],"wp:term":[{"taxonomy":"category","embeddable":true,"href":"https:\/\/www.genomiqueforestiere.chaire.ulaval.ca\/index.php?rest_route=%2Fwp%2Fv2%2Fcategories&post=4350"},{"taxonomy":"post_tag","embeddable":true,"href":"https:\/\/www.genomiqueforestiere.chaire.ulaval.ca\/index.php?rest_route=%2Fwp%2Fv2%2Ftags&post=4350"}],"curies":[{"name":"wp","href":"https:\/\/api.w.org\/{rel}","templated":true}]}}