{"id":4568,"date":"2017-06-06T21:32:03","date_gmt":"2017-06-06T20:32:03","guid":{"rendered":"http:\/\/www.genomiqueforestiere.chaire.ulaval.ca\/?p=4568"},"modified":"2017-07-18T21:22:49","modified_gmt":"2017-07-18T20:22:49","slug":"mebarek-lamara-un-nouveau-docteur-a-la-chaire","status":"publish","type":"post","link":"https:\/\/www.genomiqueforestiere.chaire.ulaval.ca\/?p=4568","title":{"rendered":"Mebarek Lamara, un nouveau docteur \u00e0 la Chaire"},"content":{"rendered":"<p style=\"text-align: justify;\">Le 29 mai 2017, Mebarek Lamara, candidat au doctorat en sciences foresti\u00e8res \u00e0 l\u2019Univ. Laval et membre de la Chaire de recherche du Canada en g\u00e9nomique foresti\u00e8re, a pr\u00e9sent\u00e9 avec succ\u00e8s sa th\u00e8se intitul\u00e9e \u00ab Architecture g\u00e9n\u00e9tique des caract\u00e8res reli\u00e9s au bois, \u00e0 la croissance et \u00e0 la r\u00e9sistance contre la tordeuse des bourgeons de l\u2019\u00e9pinette chez l\u2019\u00e9pinette blanche \u00bb. Les travaux de Mebarek ont permis de mettre en \u00e9vidence qu\u2019un nombre \u00e9l\u00e9v\u00e9 de g\u00e8nes \u00e9taient g\u00e9n\u00e9tiquement associ\u00e9s \u00e0 la croissance et aux caract\u00e8res de bois, mais que ces g\u00e8nes \u00e9taient reli\u00e9s entre eux par des r\u00e9seaux d\u2019expression mis en lumi\u00e8re pour la premi\u00e8re fois chez un conif\u00e8re. Un nombre moins \u00e9lev\u00e9 de g\u00e8nes \u00e9taient g\u00e9n\u00e9tiquement associ\u00e9s \u00e0 des caract\u00e8res de r\u00e9sistance \u00e0 la tordeuse des bourgeons de l\u2019\u00e9pinette comme la pic\u00e9ine et le pic\u00e9ol, mais ils expliquaient collectivement une large part de la variation observ\u00e9e. Ces r\u00e9sultats ouvrent la voie \u00e0 des applications notamment dans le suivi de la diversit\u00e9 naturelle reli\u00e9e \u00e0 l\u2019adaptation. Le jury d\u2019\u00e9valuation \u00e9tait constitu\u00e9 de Jean Bousquet, directeur de recherche (Chaire en g\u00e9nomique foresti\u00e8re), John Mackay, codirecteur de recherche (Dept. of Plant Sciences, Univ. d\u2019Oxford), Christophe Plomion, examinateur externe (directeur de recherche \u00e0 l\u2019INRA de Bordeaux), Martin Perron, examinateur externe (Direction de la recherche foresti\u00e8re, MFFP), et Jean Beaulieu, examinateur interne (Chaire en g\u00e9nomique foresti\u00e8re). La d\u00e9fense \u00e9tait pr\u00e9sid\u00e9e par Alexis Achim, directeur du programme gradu\u00e9 en sciences foresti\u00e8res. Bravo Mebarek!<\/p>\n<p><img loading=\"lazy\" decoding=\"async\" class=\" wp-image-3985 aligncenter\" src=\"http:\/\/www.genomiqueforestiere.chaire.ulaval.ca\/wp-content\/uploads\/2017\/06\/170529-Mebarek-soutenance.jpg\" alt=\"Soutenance_Mebarek\" width=\"370\" height=\"134\" \/><\/p>\n","protected":false},"excerpt":{"rendered":"<p>Le 29 mai 2017, Mebarek Lamara, candidat au doctorat en sciences foresti\u00e8res \u00e0 l\u2019Univ. Laval et membre de la Chaire de recherche du Canada en g\u00e9nomique foresti\u00e8re, a pr\u00e9sent\u00e9 avec succ\u00e8s sa th\u00e8se intitul\u00e9e \u00ab Architecture g\u00e9n\u00e9tique des caract\u00e8res reli\u00e9s &hellip; <a href=\"https:\/\/www.genomiqueforestiere.chaire.ulaval.ca\/?p=4568\">Continuer la lecture <span class=\"meta-nav\">&rarr;<\/span><\/a><\/p>\n","protected":false},"author":2,"featured_media":0,"comment_status":"closed","ping_status":"closed","sticky":false,"template":"","format":"standard","meta":{"jetpack_post_was_ever_published":false,"_jetpack_newsletter_access":"","_jetpack_dont_email_post_to_subs":true,"_jetpack_newsletter_tier_id":0,"_jetpack_memberships_contains_paywalled_content":false,"_jetpack_memberships_contains_paid_content":false,"footnotes":"","jetpack_publicize_message":"","jetpack_publicize_feature_enabled":true,"jetpack_social_post_already_shared":true,"jetpack_social_options":{"image_generator_settings":{"template":"highway","default_image_id":0,"font":"","enabled":false},"version":2}},"categories":[18],"tags":[],"class_list":["post-4568","post","type-post","status-publish","format-standard","hentry","category-actualites"],"jetpack_publicize_connections":[],"jetpack_featured_media_url":"","jetpack_sharing_enabled":true,"jetpack_shortlink":"https:\/\/wp.me\/p3LOEb-1bG","_links":{"self":[{"href":"https:\/\/www.genomiqueforestiere.chaire.ulaval.ca\/index.php?rest_route=\/wp\/v2\/posts\/4568","targetHints":{"allow":["GET"]}}],"collection":[{"href":"https:\/\/www.genomiqueforestiere.chaire.ulaval.ca\/index.php?rest_route=\/wp\/v2\/posts"}],"about":[{"href":"https:\/\/www.genomiqueforestiere.chaire.ulaval.ca\/index.php?rest_route=\/wp\/v2\/types\/post"}],"author":[{"embeddable":true,"href":"https:\/\/www.genomiqueforestiere.chaire.ulaval.ca\/index.php?rest_route=\/wp\/v2\/users\/2"}],"replies":[{"embeddable":true,"href":"https:\/\/www.genomiqueforestiere.chaire.ulaval.ca\/index.php?rest_route=%2Fwp%2Fv2%2Fcomments&post=4568"}],"version-history":[{"count":3,"href":"https:\/\/www.genomiqueforestiere.chaire.ulaval.ca\/index.php?rest_route=\/wp\/v2\/posts\/4568\/revisions"}],"predecessor-version":[{"id":4661,"href":"https:\/\/www.genomiqueforestiere.chaire.ulaval.ca\/index.php?rest_route=\/wp\/v2\/posts\/4568\/revisions\/4661"}],"wp:attachment":[{"href":"https:\/\/www.genomiqueforestiere.chaire.ulaval.ca\/index.php?rest_route=%2Fwp%2Fv2%2Fmedia&parent=4568"}],"wp:term":[{"taxonomy":"category","embeddable":true,"href":"https:\/\/www.genomiqueforestiere.chaire.ulaval.ca\/index.php?rest_route=%2Fwp%2Fv2%2Fcategories&post=4568"},{"taxonomy":"post_tag","embeddable":true,"href":"https:\/\/www.genomiqueforestiere.chaire.ulaval.ca\/index.php?rest_route=%2Fwp%2Fv2%2Ftags&post=4568"}],"curies":[{"name":"wp","href":"https:\/\/api.w.org\/{rel}","templated":true}]}}