{"id":5962,"date":"2024-01-13T13:00:53","date_gmt":"2024-01-13T17:00:53","guid":{"rendered":"https:\/\/www.genomiqueforestiere.chaire.ulaval.ca\/?p=5962"},"modified":"2024-01-13T13:00:54","modified_gmt":"2024-01-13T17:00:54","slug":"deux-nouvelles-publications-sur-la-resistance-a-la-secheresse-chez-lepinette-blanche","status":"publish","type":"post","link":"https:\/\/www.genomiqueforestiere.chaire.ulaval.ca\/?p=5962","title":{"rendered":"Deux nouvelles publications sur la r\u00e9sistance \u00e0 la s\u00e9cheresse chez l&rsquo;\u00e9pinette blanche"},"content":{"rendered":"\n<p>La r\u00e9ponse \u00e0 diff\u00e9rentes intensit\u00e9s de s\u00e9cheresse a \u00e9t\u00e9 \u00e9tudi\u00e9e chez une grande cohorte de semis multiclonaux d&rsquo;\u00e9pinette blanche pour divers caract\u00e8res de croissance et d\u2019anatomie du bois afin notamment de mieux en comprendre les effets sur l\u2019hydraulicit\u00e9. Les r\u00e9sultats indiquent qu&rsquo;il serait envisageable d&rsquo;utiliser la s\u00e9lection g\u00e9n\u00e9tique pour am\u00e9liorer la r\u00e9sistance \u00e0 la s\u00e9cheresse des \u00e9pinettes blanches au stade juv\u00e9nile, soit lorsque les jeunes arbres sont les plus susceptibles \u00e0 de tels stress suite \u00e0 leur reboisement. Publications accessibles aux liens suivants <a rel=\"noreferrer noopener\" href=\"https:\/\/link.springer.com\/article\/10.1007\/s11056-022-09939-5\" target=\"_blank\">(1)<\/a> <a rel=\"noreferrer noopener\" href=\"https:\/\/www.frontiersin.org\/articles\/10.3389\/fpls.2023.1297314\/full\" target=\"_blank\">(2)<\/a>.<\/p>\n","protected":false},"excerpt":{"rendered":"<p>La r\u00e9ponse \u00e0 diff\u00e9rentes intensit\u00e9s de s\u00e9cheresse a \u00e9t\u00e9 \u00e9tudi\u00e9e chez une grande cohorte de semis multiclonaux d&rsquo;\u00e9pinette blanche pour divers caract\u00e8res de croissance et d\u2019anatomie du bois afin notamment de mieux en comprendre les effets sur l\u2019hydraulicit\u00e9. Les r\u00e9sultats &hellip; <a href=\"https:\/\/www.genomiqueforestiere.chaire.ulaval.ca\/?p=5962\">Continuer la lecture <span class=\"meta-nav\">&rarr;<\/span><\/a><\/p>\n","protected":false},"author":2,"featured_media":0,"comment_status":"closed","ping_status":"closed","sticky":false,"template":"","format":"standard","meta":{"jetpack_post_was_ever_published":false,"_jetpack_newsletter_access":"","_jetpack_dont_email_post_to_subs":false,"_jetpack_newsletter_tier_id":0,"_jetpack_memberships_contains_paywalled_content":false,"_jetpack_memberships_contains_paid_content":false,"footnotes":"","jetpack_publicize_message":"","jetpack_publicize_feature_enabled":true,"jetpack_social_post_already_shared":true,"jetpack_social_options":{"image_generator_settings":{"template":"highway","default_image_id":0,"font":"","enabled":false},"version":2}},"categories":[18],"tags":[],"class_list":["post-5962","post","type-post","status-publish","format-standard","hentry","category-actualites"],"jetpack_publicize_connections":[],"jetpack_featured_media_url":"","jetpack_sharing_enabled":true,"jetpack_shortlink":"https:\/\/wp.me\/p3LOEb-1ya","_links":{"self":[{"href":"https:\/\/www.genomiqueforestiere.chaire.ulaval.ca\/index.php?rest_route=\/wp\/v2\/posts\/5962","targetHints":{"allow":["GET"]}}],"collection":[{"href":"https:\/\/www.genomiqueforestiere.chaire.ulaval.ca\/index.php?rest_route=\/wp\/v2\/posts"}],"about":[{"href":"https:\/\/www.genomiqueforestiere.chaire.ulaval.ca\/index.php?rest_route=\/wp\/v2\/types\/post"}],"author":[{"embeddable":true,"href":"https:\/\/www.genomiqueforestiere.chaire.ulaval.ca\/index.php?rest_route=\/wp\/v2\/users\/2"}],"replies":[{"embeddable":true,"href":"https:\/\/www.genomiqueforestiere.chaire.ulaval.ca\/index.php?rest_route=%2Fwp%2Fv2%2Fcomments&post=5962"}],"version-history":[{"count":1,"href":"https:\/\/www.genomiqueforestiere.chaire.ulaval.ca\/index.php?rest_route=\/wp\/v2\/posts\/5962\/revisions"}],"predecessor-version":[{"id":5963,"href":"https:\/\/www.genomiqueforestiere.chaire.ulaval.ca\/index.php?rest_route=\/wp\/v2\/posts\/5962\/revisions\/5963"}],"wp:attachment":[{"href":"https:\/\/www.genomiqueforestiere.chaire.ulaval.ca\/index.php?rest_route=%2Fwp%2Fv2%2Fmedia&parent=5962"}],"wp:term":[{"taxonomy":"category","embeddable":true,"href":"https:\/\/www.genomiqueforestiere.chaire.ulaval.ca\/index.php?rest_route=%2Fwp%2Fv2%2Fcategories&post=5962"},{"taxonomy":"post_tag","embeddable":true,"href":"https:\/\/www.genomiqueforestiere.chaire.ulaval.ca\/index.php?rest_route=%2Fwp%2Fv2%2Ftags&post=5962"}],"curies":[{"name":"wp","href":"https:\/\/api.w.org\/{rel}","templated":true}]}}